{"id":2350,"date":"2025-09-22T15:40:19","date_gmt":"2025-09-22T15:40:19","guid":{"rendered":"https:\/\/www.nv-sesselacker.ch\/?p=2350"},"modified":"2025-11-28T19:05:14","modified_gmt":"2025-11-28T19:05:14","slug":"rueckblick-auf-den-sommerevent-2025","status":"publish","type":"post","link":"https:\/\/www.nv-sesselacker.ch\/fr\/2025\/09\/rueckblick-auf-den-sommerevent-2025\/","title":{"rendered":"R\u00e9trospective de l&#8217;\u00e9v\u00e9nement estival 2025"},"content":{"rendered":"<p><strong>R\u00e9trospective de l&#8217;\u00e9v\u00e9nement :<\/strong><\/p>\n<p>Le 21 septembre 2025 a eu lieu notre traditionnelle f\u00eate de fin d&#8217;\u00e9t\u00e9 et de d\u00e9but d&#8217;automne de la NVS (depuis un an) \u2013 et quel \u00e9v\u00e9nement r\u00e9ussi ce fut !<\/p>\n<p>Une quinzaine d&#8217;adultes et une dizaine d&#8217;enfants se sont retrouv\u00e9s par un apr\u00e8s-midi et une soir\u00e9e \u00e9tonnamment secs pour profiter ensemble des derni\u00e8res journ\u00e9es chaudes.<\/p>\n<p>Les enfants ont profit\u00e9 de l&#8217;occasion pour plonger et nager dans la piscine, tandis que les adultes se sont retrouv\u00e9s autour d&#8217;un verre et de nombreux plats d\u00e9licieux. Ils ont ri, discut\u00e9 et pass\u00e9 en revue une saison couronn\u00e9e de succ\u00e8s.<\/p>\n<p><strong>R\u00e9trospective de la saison de natation<\/strong><\/p>\n<p>La saison de natation 2025 a \u00e9t\u00e9 un succ\u00e8s \u2013 les <a href=\"https:\/\/www.nv-sesselacker.ch\/fr\/nvs-statistiken\/\">chiffres <\/a>parlent d&#8217;eux-m\u00eames ! Gr\u00e2ce \u00e0 des horaires d&#8217;ouverture flexibles en dehors des heures de pointe et \u00e0 l&#8217;engagement de nos 12 surveillants certifi\u00e9s, nous avons pu garantir la fr\u00e9quentation de la piscine \u00e0 tout moment. Un grand merci \u00e0 tous ceux qui ont apport\u00e9 leur aide !<\/p>\n<p>Le syst\u00e8me de r\u00e9servation avec bon d&#8217;\u00e9change a fonctionn\u00e9 sans probl\u00e8me jusqu&#8217;\u00e0 pr\u00e9sent. La notification automatique d&#8217;une heure d&#8217;ouverture fonctionne \u00e9galement de mani\u00e8re fiable.<\/p>\n<p><strong>R\u00e9trospective des autres activit\u00e9s<\/strong><\/p>\n<p>Le comit\u00e9 directeur de la NVS s&#8217;est particuli\u00e8rement investi dans cet \u00e9v\u00e9nement&#8230; mais nous sommes toujours \u00e0 la recherche de personnes cr\u00e9atives qui souhaitent prendre en charge des activit\u00e9s de quartier et les coordonner au nom de la NVS.<\/p>\n<p><strong>Perspectives<\/strong><\/p>\n<p>Nous \u00e9tudions actuellement les possibilit\u00e9s de nager t\u00f4t le matin, ce qui devrait \u00eatre possible malgr\u00e9 le conflit avec le nettoyage. Nous sommes \u00e9galement en train de voir comment nous pourrions utiliser la salle pendant les vacances.<\/p>\n<p><strong>Remerciements<\/strong><\/p>\n<p>Pour finir, nous tenons \u00e0 remercier chaleureusement tous les membres actifs et les b\u00e9n\u00e9voles de la NVS (et m\u00eame les voisins non membres). Sans votre engagement, un tel \u00e9v\u00e9nement ne serait pas possible.<\/p>\n<p>Le comit\u00e9 directeur de la NVS<\/p>\n","protected":false},"excerpt":{"rendered":"<p>R\u00e9trospective de l&#8217;\u00e9v\u00e9nement : Le 21 septembre 2025 a eu lieu notre traditionnelle f\u00eate de fin d&#8217;\u00e9t\u00e9 et de d\u00e9but d&#8217;automne de la NVS (depuis un an) \u2013 et quel \u00e9v\u00e9nement r\u00e9ussi ce fut ! Une quinzaine d&#8217;adultes et une dizaine d&#8217;enfants se sont retrouv\u00e9s par un apr\u00e8s-midi et une soir\u00e9e \u00e9tonnamment secs pour profiter [&hellip;]<\/p>\n","protected":false},"author":1,"featured_media":0,"comment_status":"closed","ping_status":"closed","sticky":false,"template":"","format":"standard","meta":{"footnotes":""},"categories":[5],"tags":[],"class_list":["post-2350","post","type-post","status-publish","format-standard","hentry","category-info"],"translation":{"provider":"WPGlobus","version":"3.0.2","language":"fr","enabled_languages":["de","en","fr"],"languages":{"de":{"title":true,"content":true,"excerpt":false},"en":{"title":true,"content":true,"excerpt":false},"fr":{"title":true,"content":true,"excerpt":false}}},"_links":{"self":[{"href":"https:\/\/www.nv-sesselacker.ch\/fr\/wp-json\/wp\/v2\/posts\/2350","targetHints":{"allow":["GET"]}}],"collection":[{"href":"https:\/\/www.nv-sesselacker.ch\/fr\/wp-json\/wp\/v2\/posts"}],"about":[{"href":"https:\/\/www.nv-sesselacker.ch\/fr\/wp-json\/wp\/v2\/types\/post"}],"author":[{"embeddable":true,"href":"https:\/\/www.nv-sesselacker.ch\/fr\/wp-json\/wp\/v2\/users\/1"}],"replies":[{"embeddable":true,"href":"https:\/\/www.nv-sesselacker.ch\/fr\/wp-json\/wp\/v2\/comments?post=2350"}],"version-history":[{"count":4,"href":"https:\/\/www.nv-sesselacker.ch\/fr\/wp-json\/wp\/v2\/posts\/2350\/revisions"}],"predecessor-version":[{"id":2352,"href":"https:\/\/www.nv-sesselacker.ch\/fr\/wp-json\/wp\/v2\/posts\/2350\/revisions\/2352"}],"wp:attachment":[{"href":"https:\/\/www.nv-sesselacker.ch\/fr\/wp-json\/wp\/v2\/media?parent=2350"}],"wp:term":[{"taxonomy":"category","embeddable":true,"href":"https:\/\/www.nv-sesselacker.ch\/fr\/wp-json\/wp\/v2\/categories?post=2350"},{"taxonomy":"post_tag","embeddable":true,"href":"https:\/\/www.nv-sesselacker.ch\/fr\/wp-json\/wp\/v2\/tags?post=2350"}],"curies":[{"name":"wp","href":"https:\/\/api.w.org\/{rel}","templated":true}]}}